{"id":1122,"date":"2011-10-31T22:29:26","date_gmt":"2011-10-31T21:29:26","guid":{"rendered":"http:\/\/blog.philz.de\/?p=1122"},"modified":"2011-10-31T22:29:26","modified_gmt":"2011-10-31T21:29:26","slug":"jugendmedientage-2011","status":"publish","type":"post","link":"https:\/\/phil.tannich.de\/?p=1122","title":{"rendered":"Jugendmedientage 2011"},"content":{"rendered":"<p>Nicht mehr lange ist es hin, bis die diesj\u00e4hrigen Jugendmedientage ihre Pforten in der Hochschule der Medien in Stuttgart \u00f6ffnen. Starten wird alles mit einer gro\u00dfen Auftaktveranstaltung in der Carl-Benz Arena. Mit dabei sind 500 junge Medienmacher und weiter 100 Teamer die dich die ganzen vier Tage mit allem was du ben\u00f6tigst, versorgen!<\/p>\n<p>Du bist interessiert und hast das Wochenende frei, dann frag doch unter <a href=\"http:\/\/www.jugendmedientage.de\">www.jugendmedientage.de<\/a> an ob noch ein Platz f\u00fcr dich frei ist! Es erwarten dich spannende Erz\u00e4hlsymposien, interessante Workshops und Medieneinblicke rund um die Uhr. Aber auch eine JMT-Party ist geplant um noch einmal so richtig die letzten Tage zu feiern und mit den anderen Jugendlichen in Kontakt zu treten.<\/p>\n<p>F\u00fcr alle die leider keinen Platz mehr ergattert haben, wir halten euch nat\u00fcrlich auf dem Laufenden. Sei es bei <a href=\"http:\/\/twitter.com\/jmt_11\">Twitter<\/a>, <a href=\"https:\/\/www.facebook.com\/Jugendmedientage\">Facebook<\/a> oder auch On-Air! Selbst dabei? Dann twittere doch mit dem Hash-Tag <a href=\"http:\/\/twitter.com\/#!\/search\/%23JMT11\">#JMT11<\/a><\/p>\n","protected":false},"excerpt":{"rendered":"<p>Nicht mehr lange ist es hin, bis die diesj\u00e4hrigen Jugendmedientage ihre Pforten in der Hochschule der Medien in Stuttgart \u00f6ffnen. Starten wird alles mit einer gro\u00dfen Auftaktveranstaltung in der Carl-Benz Arena. Mit dabei sind 500 junge Medienmacher und weiter 100 Teamer die dich die ganzen vier Tage mit allem was du ben\u00f6tigst, versorgen! Du bist <a class=\"read-more\" href=\"https:\/\/phil.tannich.de\/?p=1122\">[&hellip;]<\/a><\/p>\n","protected":false},"author":6,"featured_media":1126,"comment_status":"open","ping_status":"open","sticky":false,"template":"","format":"standard","meta":{"footnotes":""},"categories":[1],"tags":[],"class_list":["post-1122","post","type-post","status-publish","format-standard","has-post-thumbnail","hentry","category-allgemein"],"_links":{"self":[{"href":"https:\/\/phil.tannich.de\/index.php?rest_route=\/wp\/v2\/posts\/1122","targetHints":{"allow":["GET"]}}],"collection":[{"href":"https:\/\/phil.tannich.de\/index.php?rest_route=\/wp\/v2\/posts"}],"about":[{"href":"https:\/\/phil.tannich.de\/index.php?rest_route=\/wp\/v2\/types\/post"}],"author":[{"embeddable":true,"href":"https:\/\/phil.tannich.de\/index.php?rest_route=\/wp\/v2\/users\/6"}],"replies":[{"embeddable":true,"href":"https:\/\/phil.tannich.de\/index.php?rest_route=%2Fwp%2Fv2%2Fcomments&post=1122"}],"version-history":[{"count":0,"href":"https:\/\/phil.tannich.de\/index.php?rest_route=\/wp\/v2\/posts\/1122\/revisions"}],"wp:featuredmedia":[{"embeddable":true,"href":"https:\/\/phil.tannich.de\/index.php?rest_route=\/wp\/v2\/media\/1126"}],"wp:attachment":[{"href":"https:\/\/phil.tannich.de\/index.php?rest_route=%2Fwp%2Fv2%2Fmedia&parent=1122"}],"wp:term":[{"taxonomy":"category","embeddable":true,"href":"https:\/\/phil.tannich.de\/index.php?rest_route=%2Fwp%2Fv2%2Fcategories&post=1122"},{"taxonomy":"post_tag","embeddable":true,"href":"https:\/\/phil.tannich.de\/index.php?rest_route=%2Fwp%2Fv2%2Ftags&post=1122"}],"curies":[{"name":"wp","href":"https:\/\/api.w.org\/{rel}","templated":true}]}}