{"id":1131,"date":"2011-12-12T12:18:07","date_gmt":"2011-12-12T11:18:07","guid":{"rendered":"http:\/\/blog.philz.de\/?p=1131"},"modified":"2011-12-12T12:18:07","modified_gmt":"2011-12-12T11:18:07","slug":"facebook-ist-und-bleibt-kostenlos-ja-wirklich","status":"publish","type":"post","link":"https:\/\/phil.tannich.de\/?p=1131","title":{"rendered":"Facebook ist und bleibt kostenlos! Ja wirklich?"},"content":{"rendered":"<p>Stellt euch doch einmal folgendes Szenario vor: Die Post ruft bei euch zu Hause an und bittet euch euer komplettes Adressbuch ihr zuzuschicken, da sie ein paar neue Flyer hat und die gerne euren Freunden schicken m\u00f6chte. Wer wird da nicht stutzig? W\u00fcrdet ihr der Post euer komplettes Adressbuch geben? Und wenn ja, w\u00fcrde eure Freunde dar\u00fcber gl\u00fccklich sein?<\/p>\n<p>So und nicht anders ist es leider auch bei Facebook. Was ganz toll als &#8222;Freunde-Finder&#8220; angepriesen wird ist im Endeffekt nichts anderes als oben beschriebene Situation. Nur, dass das f\u00fcr den Anwender nicht so r\u00fcber kommt. Facebook schreibt zwar, dass es die Daten ausschlie\u00dflich nur f\u00fcr diesen einen Zweck erhebt und sie dann gleich wieder l\u00f6scht, dem ist nach Ger\u00fcchten zu urteilen aber nicht so. Ist euch nicht auch schon aufgefallen, auch wenn es schon lange her ist, dass, als ihr euch bei Facebook angemeldet habt, ihr gleich Freunde vorgeschlagen bekommen habt, die ihr wirklich kanntet? Na?<\/p>\n<p>Max Schrems von der Initiative <a href=\"http:\/\/europe-v-facebook.org\/\">Europe vs. Facebook<\/a> hat sich die Vertragsbedingungen von Facebook in seinem Jura-Studium zur Grundlage mehrerer Anzeigen gesetzt. In der Presse drehte diese Aktion vor einiger Zeit seine Runden. Max hat sich bei Facebook seine ganzen \u00fcber ihn gespeicherten Daten zuschicken lassen. Dennoch, auch wenn er immer flei\u00dfig Beitr\u00e4ge von seiner Pinnwand gel\u00f6scht hat, ausgedruckt hatte er am Schluss \u00fcber 1200 Seiten Papier in seinen H\u00e4nden. Eine beachtliche Summe f\u00fcr jemanden, der nur ab und an mal etwas postet.<\/p>\n<p>Er bem\u00e4ngelt zu dem auch, dass das, was Facebook dem Benutzer als gel\u00f6scht\u00a0anzeigt immer noch gespeichert ist, nur, dass nun die Variable &#8222;Deleted = true&#8220; gesetzt ist. Daher auch mehrere hundert Seiten Kommunikationsprotokoll von seinen ganzen Nachrichten. Doch beim Durcharbeiten der ganzen Daten \u00fcber ihn f\u00e4llt ihm auf, dass das nicht alle Informationen sind, die Facebook \u00fcber ihn speichert, da er z.B. auch seine ganzen &#8222;Gef\u00e4llt-mir-dr\u00fccker&#8220; nicht in dem Dokument sieht. Um einen besseren \u00dcberblick zu bekommen teilen Max und seine Kommilitonen die erhobenen Daten in 57 verschiedene Gruppierungen auf und beurteilen sie nach ihrer Vertraulichkeit. Nachzusehen gibt es das\u00a0<a href=\"http:\/\/europe-v-facebook.org\/DE\/Datenbestand\/datenbestand.html\">hier<\/a>.<\/p>\n<p>Am 8.12. wurde Max Schrems aus Wien f\u00fcr den Chaos Computer Club Stuttgart eingeflogen und hielt einen Vortrag \u00fcber &#8222;Datenschutz in sozialen Netzwerken&#8220; in der Stadtbibliothek am Mail\u00e4nder Platz in Stuttgart. Ich sch\u00e4tze mal an die 50 Zuh\u00f6rer zwischen 20 und 60 Jahren waren gekommen! Eine beachtliche Zahl f\u00fcr den kleinen Raum. Die Bibliothek hat auch eine Audioaufzeichnung des zweieinhalb Stunden dauernden Vortrages erstellt, der \u00a0<a href=\"http:\/\/www1.stuttgart.de\/stadtbibliothek\/druck\/audio\/cccs\/cccs_audio.htm\">hier<\/a> angeh\u00f6rt werden kann, wenn er dann einmal online ist.<\/p>\n<p>Interessant fand ich au\u00dferdem, m\u00f6chte man strikt nach dem Gesetz gehen muss ich jedes mal, m\u00f6chte ich mit jemandem Chatten, ihn zu einer Veranstaltung einladen oder auf einem Foto markieren, ihn davor fragen, da Facebook ja die Daten speichert und somit ein Profil \u00fcber einen anlegen kann (dazu gleich mehr). Nat\u00fcrlich macht das keiner, da die Telefone sonst wohl nicht mehr ruhig stehen w\u00fcrden und jeder nur noch genervt w\u00e4re.<\/p>\n<p>Erschreckend war der Teil, als Max uns erz\u00e4hlte, dass es gar nicht n\u00f6tig ist sein Profil mit Informationen zu bef\u00fcllen, au\u00dfer, dass es eben die Freunde dann sehen. Nein. Facebook k\u00f6nnte anhand eurer Freundesliste schon ein Profil anlegen! Wie das geht? Nehmen wir mal mich als Beispiel. Ich habe mehrere Freunde, die bei der Jugendpresse aktiv sind. Dazu noch viele, die auch mit mir auf den Jugendmedientagen waren. Daher w\u00fcsste Facebook zumindest schon einmal, dass ich gerne etwas mit Medien mache und mich nebenher sicher noch in der Jugendpresse engagiere oder wenigstens mit ihr zu tun habe. Des Weiteren waren viele meiner Freunde auf der Realschule. Die meisten w\u00fcrde ich wohl nicht kennen, w\u00e4re ich auf eine andere Schule gegangen. Dann h\u00e4tte ich dort mehr Freunde. Somit wei\u00df Facebook also auch meinen Schulabschluss. Das nur mal als kleiner Denkansto\u00df.<\/p>\n<p>Nat\u00fcrlich ist das nur ein sehr, sehr kleiner Auszug aus dem wirklich interessanten Vortrag. Mich hat er \u00fcberrascht, da ich Facebook noch nie so direkt von der anderen Seite aus gezeigt bekommen habe. Selbst habe ich ja schon ein paar Mal \u00fcber das Thema Datenschutz geschrieben, da ich gerne nach dem Motto lebe: &#8222;Wenn ich selber etwas online stelle, wei\u00df ich wenigstens was \u00fcber mich dazu im Internet steht!&#8220;<br \/>\nZu denken gab mir aber der Teil mit den Daten die in Verbindung mit meinen Freunden stehen. Denn, auch wenn ich heute die Daten, die Freunde z.B. \u00fcber die Facebook-App auf dem iPhone \u00fcber mich hochgeladen haben, l\u00f6sche, l\u00e4dt sie morgen ein anderer hoch sind sie wieder da und m\u00fcssten gel\u00f6scht werden!<\/p>\n<p>Ich kann euch den Audiomitschnitt nur empfehlen. Die ersten andert halb Stunden ist der eigentliche Vortrag, dann kommt noch eine Fragestunde. Alle Beitr\u00e4ge die zu der Initiative und Max Schrems schon im Fernsehen kamen, k\u00f6nnt ihr im <a href=\"http:\/\/www.youtube.com\/user\/europevfacebook\">YouTube Channel<\/a> anschauen.<\/p>\n<p>Um die Frage in der \u00dcberschrift zu beantworten: Facebook war noch nie kostenlos und wird es auch nie sein. Wir bezahlen zwar kein Geld, die virtuelle W\u00e4hrung daf\u00fcr sind n\u00e4mlich unsere Daten!<\/p>\n","protected":false},"excerpt":{"rendered":"<p>Stellt euch doch einmal folgendes Szenario vor: Die Post ruft bei euch zu Hause an und bittet euch euer komplettes Adressbuch ihr zuzuschicken, da sie ein paar neue Flyer hat und die gerne euren Freunden schicken m\u00f6chte. Wer wird da nicht stutzig? W\u00fcrdet ihr der Post euer komplettes Adressbuch geben? Und wenn ja, w\u00fcrde eure <a class=\"read-more\" href=\"https:\/\/phil.tannich.de\/?p=1131\">[&hellip;]<\/a><\/p>\n","protected":false},"author":6,"featured_media":1132,"comment_status":"open","ping_status":"open","sticky":false,"template":"","format":"standard","meta":{"footnotes":""},"categories":[1],"tags":[24,34,66],"class_list":["post-1131","post","type-post","status-publish","format-standard","has-post-thumbnail","hentry","category-allgemein","tag-datenschutz","tag-facebook","tag-kostenlos"],"_links":{"self":[{"href":"https:\/\/phil.tannich.de\/index.php?rest_route=\/wp\/v2\/posts\/1131","targetHints":{"allow":["GET"]}}],"collection":[{"href":"https:\/\/phil.tannich.de\/index.php?rest_route=\/wp\/v2\/posts"}],"about":[{"href":"https:\/\/phil.tannich.de\/index.php?rest_route=\/wp\/v2\/types\/post"}],"author":[{"embeddable":true,"href":"https:\/\/phil.tannich.de\/index.php?rest_route=\/wp\/v2\/users\/6"}],"replies":[{"embeddable":true,"href":"https:\/\/phil.tannich.de\/index.php?rest_route=%2Fwp%2Fv2%2Fcomments&post=1131"}],"version-history":[{"count":0,"href":"https:\/\/phil.tannich.de\/index.php?rest_route=\/wp\/v2\/posts\/1131\/revisions"}],"wp:featuredmedia":[{"embeddable":true,"href":"https:\/\/phil.tannich.de\/index.php?rest_route=\/wp\/v2\/media\/1132"}],"wp:attachment":[{"href":"https:\/\/phil.tannich.de\/index.php?rest_route=%2Fwp%2Fv2%2Fmedia&parent=1131"}],"wp:term":[{"taxonomy":"category","embeddable":true,"href":"https:\/\/phil.tannich.de\/index.php?rest_route=%2Fwp%2Fv2%2Fcategories&post=1131"},{"taxonomy":"post_tag","embeddable":true,"href":"https:\/\/phil.tannich.de\/index.php?rest_route=%2Fwp%2Fv2%2Ftags&post=1131"}],"curies":[{"name":"wp","href":"https:\/\/api.w.org\/{rel}","templated":true}]}}