{"id":390,"date":"2010-10-11T23:14:49","date_gmt":"2010-10-11T21:14:49","guid":{"rendered":"http:\/\/www.philipp-zaiser.de\/?p=390"},"modified":"2010-10-11T23:14:49","modified_gmt":"2010-10-11T21:14:49","slug":"es-ist-nur-ein-gerucht","status":"publish","type":"post","link":"https:\/\/phil.tannich.de\/?p=390","title":{"rendered":"Es ist nur ein Ger\u00fccht,"},"content":{"rendered":"<p>aber vielleicht kann mir ja der ein oder andere sagen, ob das stimmt (oder nicht), bzw. auch einen Link posten, in dem es best\u00e4tigt wird.<\/p>\n<blockquote><p>Ger\u00fcchte sagen, die Sch\u00fclerdemonstration w\u00e4re friedlich verlaufen, h\u00e4tten, die Sch\u00fcler sich an den angemeldeten Platz gehalten. Dieser war n\u00e4mlich 500 Meter weiter entfernt von dem Punkt, an dem sie sich beim Eintreffen der Polizei befunden haben.<\/p><\/blockquote>\n<p>Ich habe es selbst erst heute morgen in der Bahn geh\u00f6rt und grad noch mal geschaut, aber au\u00dfer einen Kommentar in einem Forum habe ich dazu nichts weiteres gefunden.<\/p>\n<p>Dazu kommt aber auch noch, dass die Demo w\u00e4hrend der Schulzeit abgehalten wurde und somit alle, die dort demonstriert haben, den Unterricht geschw\u00e4nzt haben. Den Lehrern wird nun vorgeworfen, ihre Aufsichtspflicht verletzt und in p\u00e4dagogischer Wei\u00dfe falsch gehandelt zu haben.<br \/>\nAuch wenn jeder seine eigene Meinung f\u00fcr oder gegen Stuttgart 21 bilden kann und darf, so sollte er in erster Linie auf die richtige Entscheidung achten, wenn dabei andere Personen mit ins Spiel kommen!<\/p>\n","protected":false},"excerpt":{"rendered":"<p>aber vielleicht kann mir ja der ein oder andere sagen, ob das stimmt (oder nicht), bzw. auch einen Link posten, in dem es best\u00e4tigt wird. Ger\u00fcchte sagen, die Sch\u00fclerdemonstration w\u00e4re friedlich verlaufen, h\u00e4tten, die Sch\u00fcler sich an den angemeldeten Platz gehalten. Dieser war n\u00e4mlich 500 Meter weiter entfernt von dem Punkt, an dem sie sich <a class=\"read-more\" href=\"https:\/\/phil.tannich.de\/?p=390\">[&hellip;]<\/a><\/p>\n","protected":false},"author":6,"featured_media":0,"comment_status":"open","ping_status":"open","sticky":false,"template":"","format":"standard","meta":{"footnotes":""},"categories":[1],"tags":[19,98],"class_list":["post-390","post","type-post","status-publish","format-standard","hentry","category-allgemein","tag-chaos","tag-stuttgart21"],"_links":{"self":[{"href":"https:\/\/phil.tannich.de\/index.php?rest_route=\/wp\/v2\/posts\/390","targetHints":{"allow":["GET"]}}],"collection":[{"href":"https:\/\/phil.tannich.de\/index.php?rest_route=\/wp\/v2\/posts"}],"about":[{"href":"https:\/\/phil.tannich.de\/index.php?rest_route=\/wp\/v2\/types\/post"}],"author":[{"embeddable":true,"href":"https:\/\/phil.tannich.de\/index.php?rest_route=\/wp\/v2\/users\/6"}],"replies":[{"embeddable":true,"href":"https:\/\/phil.tannich.de\/index.php?rest_route=%2Fwp%2Fv2%2Fcomments&post=390"}],"version-history":[{"count":0,"href":"https:\/\/phil.tannich.de\/index.php?rest_route=\/wp\/v2\/posts\/390\/revisions"}],"wp:attachment":[{"href":"https:\/\/phil.tannich.de\/index.php?rest_route=%2Fwp%2Fv2%2Fmedia&parent=390"}],"wp:term":[{"taxonomy":"category","embeddable":true,"href":"https:\/\/phil.tannich.de\/index.php?rest_route=%2Fwp%2Fv2%2Fcategories&post=390"},{"taxonomy":"post_tag","embeddable":true,"href":"https:\/\/phil.tannich.de\/index.php?rest_route=%2Fwp%2Fv2%2Ftags&post=390"}],"curies":[{"name":"wp","href":"https:\/\/api.w.org\/{rel}","templated":true}]}}